{"id":915,"date":"2026-04-12T20:52:07","date_gmt":"2026-04-12T20:52:07","guid":{"rendered":"https:\/\/ctih.ffzg.unizg.hr\/?p=915"},"modified":"2026-04-20T15:18:10","modified_gmt":"2026-04-20T15:18:10","slug":"odrzana-tribina-od-teorije-do-historije-otpor-intelektualaca-u-proslosti-i-sadasnjosti","status":"publish","type":"post","link":"https:\/\/ctih.ffzg.unizg.hr\/index.php\/odrzana-tribina-od-teorije-do-historije-otpor-intelektualaca-u-proslosti-i-sadasnjosti\/","title":{"rendered":"Odr\u017eana tribina \u201cOd teorije do historije\u201d: Otpor intelektualaca u pro\u0161losti i sada\u0161njosti"},"content":{"rendered":"\n<p>U organizaciji Centra za teorijska istra\u017eivanja u humanistici i institucionalnog istra\u017eiva\u010dkog projekta &#8220;Izazovi intelektualne povijesti: recepcije, preobrazbe i upotrebe politi\u010dkih ideja&#8221; odr\u017eana je u utorak, 17. o\u017eujka 2026. na Filozofskom fakultetu u Zagrebu druga tribina druge sezone ciklusa tribina \u201cOd teorije do historije\u201d. Pod naslovom &#8220;Otpor intelektualaca u pro\u0161losti i sada\u0161njosti&#8221;, tribina je organizirana povodom objave knjige Dejana Jovi\u0107a <em>Otpor intelektualaca<\/em>.<\/p>\n\n\n\n<p>Tribinu su pred punom dvoranom D1 otvorili Branimir Jankovi\u0107 i Hrvoje Klasi\u0107, profesori s Odsjeka za povijest Filozofskog fakulteta, a zatim je govorio Dejan Jovi\u0107, profesor na Fakultetu politi\u010dkih znanosti. Potom je uslijedila rasprava i pitanja publike. Tribinu je moderirao Nikola Toma\u0161egovi\u0107 s Odsjeka za povijest Filozofskog fakulteta.<\/p>\n\n\n\n<p>Hvala govornicima na sudjelovanju u raspravi, a publici na i ovoga puta odli\u010dnom odazivu.<\/p>\n\n\n\n<figure class=\"wp-block-image size-large is-resized\"><img loading=\"lazy\" decoding=\"async\" width=\"1024\" height=\"575\" src=\"https:\/\/ctih.ffzg.unizg.hr\/wp-content\/uploads\/2026\/04\/IMG_20260317_193616-1024x575.jpg\" alt=\"\" class=\"wp-image-920\" style=\"aspect-ratio:1.7808479881134107;width:881px;height:auto\" srcset=\"https:\/\/ctih.ffzg.unizg.hr\/wp-content\/uploads\/2026\/04\/IMG_20260317_193616-1024x575.jpg 1024w, https:\/\/ctih.ffzg.unizg.hr\/wp-content\/uploads\/2026\/04\/IMG_20260317_193616-300x169.jpg 300w, https:\/\/ctih.ffzg.unizg.hr\/wp-content\/uploads\/2026\/04\/IMG_20260317_193616-768x432.jpg 768w, https:\/\/ctih.ffzg.unizg.hr\/wp-content\/uploads\/2026\/04\/IMG_20260317_193616-1536x863.jpg 1536w, https:\/\/ctih.ffzg.unizg.hr\/wp-content\/uploads\/2026\/04\/IMG_20260317_193616-2048x1151.jpg 2048w\" sizes=\"auto, (max-width: 1024px) 100vw, 1024px\" \/><\/figure>\n\n\n\n<figure class=\"wp-block-image size-large is-resized\"><img loading=\"lazy\" decoding=\"async\" width=\"1024\" height=\"575\" src=\"https:\/\/ctih.ffzg.unizg.hr\/wp-content\/uploads\/2026\/04\/IMG_20260317_193645-1024x575.jpg\" alt=\"\" class=\"wp-image-923\" style=\"aspect-ratio:1.7808479881134107;width:882px;height:auto\" srcset=\"https:\/\/ctih.ffzg.unizg.hr\/wp-content\/uploads\/2026\/04\/IMG_20260317_193645-1024x575.jpg 1024w, https:\/\/ctih.ffzg.unizg.hr\/wp-content\/uploads\/2026\/04\/IMG_20260317_193645-300x169.jpg 300w, https:\/\/ctih.ffzg.unizg.hr\/wp-content\/uploads\/2026\/04\/IMG_20260317_193645-768x432.jpg 768w, https:\/\/ctih.ffzg.unizg.hr\/wp-content\/uploads\/2026\/04\/IMG_20260317_193645-1536x863.jpg 1536w, https:\/\/ctih.ffzg.unizg.hr\/wp-content\/uploads\/2026\/04\/IMG_20260317_193645-2048x1151.jpg 2048w\" sizes=\"auto, (max-width: 1024px) 100vw, 1024px\" \/><\/figure>\n","protected":false},"excerpt":{"rendered":"<p>U organizaciji Centra za teorijska istra\u017eivanja u humanistici i institucionalnog istra\u017eiva\u010dkog projekta &#8220;Izazovi intelektualne povijesti: recepcije, preobrazbe i upotrebe politi\u010dkih ideja&#8221; odr\u017eana je u utorak, 17. o\u017eujka 2026. na Filozofskom fakultetu u Zagrebu druga tribina druge sezone ciklusa tribina \u201cOd teorije do historije\u201d. Pod naslovom &#8220;Otpor intelektualaca u pro\u0161losti i sada\u0161njosti&#8221;, tribina je organizirana povodom<\/p>\n<p><a class=\"btn btn-secondary understrap-read-more-link\" href=\"https:\/\/ctih.ffzg.unizg.hr\/index.php\/odrzana-tribina-od-teorije-do-historije-otpor-intelektualaca-u-proslosti-i-sadasnjosti\/\">Read More<span class=\"screen-reader-text\"> from Odr\u017eana tribina \u201cOd teorije do historije\u201d: Otpor intelektualaca u pro\u0161losti i sada\u0161njosti<\/span><\/a><\/p>\n","protected":false},"author":1,"featured_media":0,"comment_status":"closed","ping_status":"closed","sticky":false,"template":"","format":"standard","meta":{"_acf_changed":false,"inline_featured_image":false,"footnotes":""},"categories":[1],"tags":[],"class_list":["post-915","post","type-post","status-publish","format-standard","hentry","category-homepage"],"acf":[],"_links":{"self":[{"href":"https:\/\/ctih.ffzg.unizg.hr\/index.php\/wp-json\/wp\/v2\/posts\/915","targetHints":{"allow":["GET"]}}],"collection":[{"href":"https:\/\/ctih.ffzg.unizg.hr\/index.php\/wp-json\/wp\/v2\/posts"}],"about":[{"href":"https:\/\/ctih.ffzg.unizg.hr\/index.php\/wp-json\/wp\/v2\/types\/post"}],"author":[{"embeddable":true,"href":"https:\/\/ctih.ffzg.unizg.hr\/index.php\/wp-json\/wp\/v2\/users\/1"}],"replies":[{"embeddable":true,"href":"https:\/\/ctih.ffzg.unizg.hr\/index.php\/wp-json\/wp\/v2\/comments?post=915"}],"version-history":[{"count":4,"href":"https:\/\/ctih.ffzg.unizg.hr\/index.php\/wp-json\/wp\/v2\/posts\/915\/revisions"}],"predecessor-version":[{"id":937,"href":"https:\/\/ctih.ffzg.unizg.hr\/index.php\/wp-json\/wp\/v2\/posts\/915\/revisions\/937"}],"wp:attachment":[{"href":"https:\/\/ctih.ffzg.unizg.hr\/index.php\/wp-json\/wp\/v2\/media?parent=915"}],"wp:term":[{"taxonomy":"category","embeddable":true,"href":"https:\/\/ctih.ffzg.unizg.hr\/index.php\/wp-json\/wp\/v2\/categories?post=915"},{"taxonomy":"post_tag","embeddable":true,"href":"https:\/\/ctih.ffzg.unizg.hr\/index.php\/wp-json\/wp\/v2\/tags?post=915"}],"curies":[{"name":"wp","href":"https:\/\/api.w.org\/{rel}","templated":true}]}}